{"id":128,"date":"2022-05-09T06:26:24","date_gmt":"2022-05-09T06:26:24","guid":{"rendered":"https:\/\/tradis.rs\/?p=128"},"modified":"2022-07-05T09:00:32","modified_gmt":"2022-07-05T07:00:32","slug":"konkurentno-medunarodno-investiciono","status":"publish","type":"post","link":"https:\/\/tradis.rs\/sr\/simanovci-befektetes\/128\/","title":{"rendered":"\u0160imanovci, Srbija - konkurentno, me\u0111unarodno investiciono okru\u017eenje"},"content":{"rendered":"<p>Sa oko 7 miliona stanovnika i ambicijom da se pridru\u017ei Evropskoj uniji, Srbija je jedna od najuzbudljivijih investicionih destinacija u Evropi. Po mi\u0161ljenju Financial Times, ova zemlja je prva na kontinentu po broju grinfild investicija u odnosu na veli\u010dinu privrede i svetski lider u pogledu odnosa veli\u010dine stanovni\u0161tva i broja radnih mesta, prema IBM Global Location Trends 2019.<\/p>\n\n\n\n<p>Napore Srbije u oblasti direktnih kapitalnih investicija prepoznao je i EY\u2013 Srbija jedna od 15 najatraktivnijih zemalja u Evropi po pitanju direktnih ulaganja kapitala, prema izve\u0161taju globalnog konsultanta European Attractiveness Survey za 2019. godinu. Glavni grad, Beograd, zauzeo je prvo mesto u Indeksu Business-Friendly Cities Perception (koji se vodi od strane Emerging Europe), koji rangira gradove Evrope u razvoju sa najve\u0107im ekonomskim potencijalom.<\/p>\n\n\n\n<p>Investicioni ambijent u zemlji karakteri\u0161u faktori kao \u0161to su visokokvalitetna lokalna radna snaga, politi\u010dka i ekonomska stabilnost, konkurentni operativni tro\u0161kovi, povoljan sistem finansijskih podsticaja i idealna geografska lokacija.<\/p>\n\n\n\n<figure class=\"wp-block-gallery has-nested-images columns-default is-cropped wp-block-gallery-1 is-layout-flex wp-block-gallery-is-layout-flex\">\n<figure class=\"wp-block-image size-large\"><a href=\"http:\/\/tradis.instantfun.hu\/wp-content\/uploads\/2022\/05\/investment-to-Serbia-Inflation.jpg\" target=\"_blank\" rel=\"noopener\"><picture class=\"wp-image-132\" loading=\"lazy\"><source type=\"image\/webp\" srcset=\"https:\/\/tradis.rs\/wp-content\/uploads\/2022\/05\/investment-to-Serbia-Inflation.jpg.webp 466w, https:\/\/tradis.rs\/wp-content\/uploads\/2022\/05\/investment-to-Serbia-Inflation-300x150.jpg.webp 300w, https:\/\/tradis.rs\/wp-content\/uploads\/2022\/05\/investment-to-Serbia-Inflation-150x150.jpg.webp 150w, https:\/\/tradis.rs\/wp-content\/uploads\/2022\/05\/investment-to-Serbia-Inflation-18x9.jpg.webp 18w\" \/><img fetchpriority=\"high\" decoding=\"async\" width=\"466\" height=\"233\" data-id=\"132\" class=\"sp-no-webp\" src=\"http:\/\/tradis.instantfun.hu\/wp-content\/uploads\/2022\/05\/investment-to-Serbia-Inflation.jpg\" alt=\"\" srcset=\"https:\/\/tradis.rs\/wp-content\/uploads\/2022\/05\/investment-to-Serbia-Inflation.jpg 466w, https:\/\/tradis.rs\/wp-content\/uploads\/2022\/05\/investment-to-Serbia-Inflation-300x150.jpg 300w, https:\/\/tradis.rs\/wp-content\/uploads\/2022\/05\/investment-to-Serbia-Inflation-18x9.jpg 18w\" sizes=\"(max-width: 466px) 100vw, 466px\" \/><\/picture><\/a><\/figure>\n\n\n\n<figure class=\"wp-block-image size-large\"><a href=\"http:\/\/tradis.instantfun.hu\/wp-content\/uploads\/2022\/05\/investment-to-Serbia-Import-Export.jpg\" target=\"_blank\" rel=\"noopener\"><picture class=\"wp-image-131\" loading=\"lazy\"><source type=\"image\/webp\" srcset=\"https:\/\/tradis.rs\/wp-content\/uploads\/2022\/05\/investment-to-Serbia-Import-Export.jpg.webp 466w, https:\/\/tradis.rs\/wp-content\/uploads\/2022\/05\/investment-to-Serbia-Import-Export-300x170.jpg.webp 300w, https:\/\/tradis.rs\/wp-content\/uploads\/2022\/05\/investment-to-Serbia-Import-Export-150x150.jpg.webp 150w, https:\/\/tradis.rs\/wp-content\/uploads\/2022\/05\/investment-to-Serbia-Import-Export-18x10.jpg.webp 18w\" \/><img decoding=\"async\" width=\"466\" height=\"264\" data-id=\"131\" class=\"sp-no-webp\" src=\"http:\/\/tradis.instantfun.hu\/wp-content\/uploads\/2022\/05\/investment-to-Serbia-Import-Export.jpg\" alt=\"\" srcset=\"https:\/\/tradis.rs\/wp-content\/uploads\/2022\/05\/investment-to-Serbia-Import-Export.jpg 466w, https:\/\/tradis.rs\/wp-content\/uploads\/2022\/05\/investment-to-Serbia-Import-Export-300x170.jpg 300w, https:\/\/tradis.rs\/wp-content\/uploads\/2022\/05\/investment-to-Serbia-Import-Export-18x10.jpg 18w\" sizes=\"(max-width: 466px) 100vw, 466px\" \/><\/picture><\/a><\/figure>\n\n\n\n<figure class=\"wp-block-image size-large\"><a href=\"http:\/\/tradis.instantfun.hu\/wp-content\/uploads\/2022\/05\/investment-to-Serbia-GDP.jpg\" target=\"_blank\" rel=\"noopener\"><picture class=\"wp-image-130\" loading=\"lazy\"><source type=\"image\/webp\" srcset=\"https:\/\/tradis.rs\/wp-content\/uploads\/2022\/05\/investment-to-Serbia-GDP.jpg.webp 469w, https:\/\/tradis.rs\/wp-content\/uploads\/2022\/05\/investment-to-Serbia-GDP-300x187.jpg.webp 300w, https:\/\/tradis.rs\/wp-content\/uploads\/2022\/05\/investment-to-Serbia-GDP-150x150.jpg.webp 150w, https:\/\/tradis.rs\/wp-content\/uploads\/2022\/05\/investment-to-Serbia-GDP-18x12.jpg.webp 18w\" \/><img decoding=\"async\" width=\"469\" height=\"293\" data-id=\"130\" class=\"sp-no-webp\" src=\"http:\/\/tradis.instantfun.hu\/wp-content\/uploads\/2022\/05\/investment-to-Serbia-GDP.jpg\" alt=\"\" srcset=\"https:\/\/tradis.rs\/wp-content\/uploads\/2022\/05\/investment-to-Serbia-GDP.jpg 469w, https:\/\/tradis.rs\/wp-content\/uploads\/2022\/05\/investment-to-Serbia-GDP-300x187.jpg 300w, https:\/\/tradis.rs\/wp-content\/uploads\/2022\/05\/investment-to-Serbia-GDP-18x12.jpg 18w\" sizes=\"(max-width: 469px) 100vw, 469px\" \/><\/picture><\/a><\/figure>\n\n\n\n<figure class=\"wp-block-image size-large\"><a href=\"http:\/\/tradis.instantfun.hu\/wp-content\/uploads\/2022\/05\/investment-to-Serbia.jpg\" target=\"_blank\" rel=\"noopener\"><picture class=\"wp-image-129\" loading=\"lazy\"><source type=\"image\/webp\" srcset=\"https:\/\/tradis.rs\/wp-content\/uploads\/2022\/05\/investment-to-Serbia.jpg.webp 535w, https:\/\/tradis.rs\/wp-content\/uploads\/2022\/05\/investment-to-Serbia-219x300.jpg.webp 219w, https:\/\/tradis.rs\/wp-content\/uploads\/2022\/05\/investment-to-Serbia-150x150.jpg.webp 150w, https:\/\/tradis.rs\/wp-content\/uploads\/2022\/05\/investment-to-Serbia-9x12.jpg.webp 9w\" \/><img loading=\"lazy\" decoding=\"async\" width=\"535\" height=\"734\" data-id=\"129\" class=\"sp-no-webp\" src=\"http:\/\/tradis.instantfun.hu\/wp-content\/uploads\/2022\/05\/investment-to-Serbia.jpg\" alt=\"\" srcset=\"https:\/\/tradis.rs\/wp-content\/uploads\/2022\/05\/investment-to-Serbia.jpg 535w, https:\/\/tradis.rs\/wp-content\/uploads\/2022\/05\/investment-to-Serbia-219x300.jpg 219w, https:\/\/tradis.rs\/wp-content\/uploads\/2022\/05\/investment-to-Serbia-9x12.jpg 9w\" sizes=\"(max-width: 535px) 100vw, 535px\" \/><\/picture><\/a><\/figure>\n<\/figure>","protected":false},"excerpt":{"rendered":"<p>Po mi\u0161ljenju Financial Times, ova zemlja je prva na kontinentu po broju grinfild investicija u odnosu na veli\u010dinu privrede<\/p>","protected":false},"author":1,"featured_media":133,"comment_status":"closed","ping_status":"closed","sticky":false,"template":"","format":"standard","meta":{"_acf_changed":false,"footnotes":""},"categories":[1],"tags":[],"class_list":["post-128","post","type-post","status-publish","format-standard","has-post-thumbnail","hentry","category-tradis"],"acf":[],"yoast_head":"<!-- This site is optimized with the Yoast SEO Premium plugin v27.4 (Yoast SEO v27.4) - https:\/\/yoast.com\/product\/yoast-seo-premium-wordpress\/ -->\n<title>\u0160imanovci, Szerbia \u2013 versenyk\u00e9pes, nemzetk\u00f6zi befektet\u00e9si k\u00f6rnyezet - TRADIS \u0160imanovci<\/title>\n<meta name=\"description\" content=\"Szerbia - a Financial Times szerint - a kontinens els\u0151 hely\u00e9n \u00e1ll a gazdas\u00e1g m\u00e9ret\u00e9hez viszony\u00edtott z\u00f6ldmez\u0151s beruh\u00e1z\u00e1sok sz\u00e1m\u00e1t tekintve\" \/>\n<meta name=\"robots\" content=\"index, follow, max-snippet:-1, max-image-preview:large, max-video-preview:-1\" \/>\n<link rel=\"canonical\" href=\"https:\/\/tradis.rs\/sr\/konkurentno-medunarodno-investiciono\/128\/\" \/>\n<meta property=\"og:locale\" content=\"sr_RS\" \/>\n<meta property=\"og:type\" content=\"article\" \/>\n<meta property=\"og:title\" content=\"\u0160imanovci, Szerbia \u2013 versenyk\u00e9pes, nemzetk\u00f6zi befektet\u00e9si k\u00f6rnyezet\" \/>\n<meta property=\"og:description\" content=\"Szerbia - a Financial Times szerint - a kontinens els\u0151 hely\u00e9n \u00e1ll a gazdas\u00e1g m\u00e9ret\u00e9hez viszony\u00edtott z\u00f6ldmez\u0151s beruh\u00e1z\u00e1sok sz\u00e1m\u00e1t tekintve\" \/>\n<meta property=\"og:url\" content=\"https:\/\/tradis.rs\/sr\/konkurentno-medunarodno-investiciono\/128\/\" \/>\n<meta property=\"og:site_name\" content=\"TRADIS \u0160imanovci\" \/>\n<meta property=\"article:published_time\" content=\"2022-05-09T06:26:24+00:00\" \/>\n<meta property=\"article:modified_time\" content=\"2022-07-05T07:00:32+00:00\" \/>\n<meta property=\"og:image\" content=\"https:\/\/tradis.rs\/wp-content\/uploads\/2022\/05\/investment-to-Serbia_0.jpg\" \/>\n\t<meta property=\"og:image:width\" content=\"518\" \/>\n\t<meta property=\"og:image:height\" content=\"518\" \/>\n\t<meta property=\"og:image:type\" content=\"image\/jpeg\" \/>\n<meta name=\"author\" content=\"szalmak\" \/>\n<meta name=\"twitter:card\" content=\"summary_large_image\" \/>\n<meta name=\"twitter:label1\" content=\"\u041d\u0430\u043f\u0438\u0441\u0430\u043d\u043e \u043e\u0434\" \/>\n\t<meta name=\"twitter:data1\" content=\"szalmak\" \/>\n\t<meta name=\"twitter:label2\" content=\"\u041f\u0440\u043e\u0446\u0435\u045a\u0435\u043d\u043e \u0432\u0440\u0435\u043c\u0435 \u0447\u0438\u0442\u0430\u045a\u0430\" \/>\n\t<meta name=\"twitter:data2\" content=\"1 \u043c\u0438\u043d\u0443\u0442\" \/>\n<script type=\"application\/ld+json\" class=\"yoast-schema-graph\">{\"@context\":\"https:\\\/\\\/schema.org\",\"@graph\":[{\"@type\":\"Article\",\"@id\":\"https:\\\/\\\/tradis.rs\\\/ukr\\\/konkurentne-mizhnarodne-investytsiyne\\\/128\\\/#article\",\"isPartOf\":{\"@id\":\"https:\\\/\\\/tradis.rs\\\/ukr\\\/konkurentne-mizhnarodne-investytsiyne\\\/128\\\/\"},\"author\":{\"name\":\"szalmak\",\"@id\":\"https:\\\/\\\/tradis.rs\\\/ukr\\\/#\\\/schema\\\/person\\\/662844645a9858633785854ee7ab493d\"},\"headline\":\"\u0160imanovci, Szerbia \u2013 versenyk\u00e9pes, nemzetk\u00f6zi befektet\u00e9si k\u00f6rnyezet\",\"datePublished\":\"2022-05-09T06:26:24+00:00\",\"dateModified\":\"2022-07-05T07:00:32+00:00\",\"mainEntityOfPage\":{\"@id\":\"https:\\\/\\\/tradis.rs\\\/ukr\\\/konkurentne-mizhnarodne-investytsiyne\\\/128\\\/\"},\"wordCount\":225,\"publisher\":{\"@id\":\"https:\\\/\\\/tradis.rs\\\/ukr\\\/#organization\"},\"image\":{\"@id\":\"https:\\\/\\\/tradis.rs\\\/ukr\\\/konkurentne-mizhnarodne-investytsiyne\\\/128\\\/#primaryimage\"},\"thumbnailUrl\":\"https:\\\/\\\/tradis.rs\\\/wp-content\\\/uploads\\\/2022\\\/05\\\/investment-to-Serbia_0.jpg\",\"articleSection\":[\"TRADIS \u0160imanovci b\u00e9rbead\u00f3 \u00faj rakt\u00e1r\u00e9p\u00fclet\"],\"inLanguage\":\"sr-RS\"},{\"@type\":\"WebPage\",\"@id\":\"https:\\\/\\\/tradis.rs\\\/ukr\\\/konkurentne-mizhnarodne-investytsiyne\\\/128\\\/\",\"url\":\"https:\\\/\\\/tradis.rs\\\/ukr\\\/konkurentne-mizhnarodne-investytsiyne\\\/128\\\/\",\"name\":\"\u0160imanovci, Szerbia \u2013 versenyk\u00e9pes, nemzetk\u00f6zi befektet\u00e9si k\u00f6rnyezet - TRADIS \u0160imanovci\",\"isPartOf\":{\"@id\":\"https:\\\/\\\/tradis.rs\\\/ukr\\\/#website\"},\"primaryImageOfPage\":{\"@id\":\"https:\\\/\\\/tradis.rs\\\/ukr\\\/konkurentne-mizhnarodne-investytsiyne\\\/128\\\/#primaryimage\"},\"image\":{\"@id\":\"https:\\\/\\\/tradis.rs\\\/ukr\\\/konkurentne-mizhnarodne-investytsiyne\\\/128\\\/#primaryimage\"},\"thumbnailUrl\":\"https:\\\/\\\/tradis.rs\\\/wp-content\\\/uploads\\\/2022\\\/05\\\/investment-to-Serbia_0.jpg\",\"datePublished\":\"2022-05-09T06:26:24+00:00\",\"dateModified\":\"2022-07-05T07:00:32+00:00\",\"description\":\"Szerbia - a Financial Times szerint - a kontinens els\u0151 hely\u00e9n \u00e1ll a gazdas\u00e1g m\u00e9ret\u00e9hez viszony\u00edtott z\u00f6ldmez\u0151s beruh\u00e1z\u00e1sok sz\u00e1m\u00e1t tekintve\",\"breadcrumb\":{\"@id\":\"https:\\\/\\\/tradis.rs\\\/ukr\\\/konkurentne-mizhnarodne-investytsiyne\\\/128\\\/#breadcrumb\"},\"inLanguage\":\"sr-RS\",\"potentialAction\":[{\"@type\":\"ReadAction\",\"target\":[\"https:\\\/\\\/tradis.rs\\\/ukr\\\/konkurentne-mizhnarodne-investytsiyne\\\/128\\\/\"]}]},{\"@type\":\"ImageObject\",\"inLanguage\":\"sr-RS\",\"@id\":\"https:\\\/\\\/tradis.rs\\\/ukr\\\/konkurentne-mizhnarodne-investytsiyne\\\/128\\\/#primaryimage\",\"url\":\"https:\\\/\\\/tradis.rs\\\/wp-content\\\/uploads\\\/2022\\\/05\\\/investment-to-Serbia_0.jpg\",\"contentUrl\":\"https:\\\/\\\/tradis.rs\\\/wp-content\\\/uploads\\\/2022\\\/05\\\/investment-to-Serbia_0.jpg\",\"width\":518,\"height\":518},{\"@type\":\"BreadcrumbList\",\"@id\":\"https:\\\/\\\/tradis.rs\\\/ukr\\\/konkurentne-mizhnarodne-investytsiyne\\\/128\\\/#breadcrumb\",\"itemListElement\":[{\"@type\":\"ListItem\",\"position\":1,\"name\":\"Home\",\"item\":\"https:\\\/\\\/tradis.rs\\\/ukr\\\/\"},{\"@type\":\"ListItem\",\"position\":2,\"name\":\"\u0160imanovci, Szerbia \u2013 versenyk\u00e9pes, nemzetk\u00f6zi befektet\u00e9si k\u00f6rnyezet\"}]},{\"@type\":\"WebSite\",\"@id\":\"https:\\\/\\\/tradis.rs\\\/ukr\\\/#website\",\"url\":\"https:\\\/\\\/tradis.rs\\\/ukr\\\/\",\"name\":\"TRADIS \u0160imanovci\",\"description\":\"Rakt\u00e1r - K\u00f6z\u00e9p Eur\u00f3pa k\u00f6zep\u00e9n\",\"publisher\":{\"@id\":\"https:\\\/\\\/tradis.rs\\\/ukr\\\/#organization\"},\"potentialAction\":[{\"@type\":\"SearchAction\",\"target\":{\"@type\":\"EntryPoint\",\"urlTemplate\":\"https:\\\/\\\/tradis.rs\\\/ukr\\\/?s={search_term_string}\"},\"query-input\":{\"@type\":\"PropertyValueSpecification\",\"valueRequired\":true,\"valueName\":\"search_term_string\"}}],\"inLanguage\":\"sr-RS\"},{\"@type\":\"Organization\",\"@id\":\"https:\\\/\\\/tradis.rs\\\/ukr\\\/#organization\",\"name\":\"TRADIS DOO SUBOTICA Serbia\",\"alternateName\":\"TRADIS DOO\",\"url\":\"https:\\\/\\\/tradis.rs\\\/ukr\\\/\",\"logo\":{\"@type\":\"ImageObject\",\"inLanguage\":\"sr-RS\",\"@id\":\"https:\\\/\\\/tradis.rs\\\/ukr\\\/#\\\/schema\\\/logo\\\/image\\\/\",\"url\":\"https:\\\/\\\/tradis.rs\\\/wp-content\\\/uploads\\\/2022\\\/05\\\/ctg-logo.png\",\"contentUrl\":\"https:\\\/\\\/tradis.rs\\\/wp-content\\\/uploads\\\/2022\\\/05\\\/ctg-logo.png\",\"width\":600,\"height\":600,\"caption\":\"TRADIS DOO SUBOTICA Serbia\"},\"image\":{\"@id\":\"https:\\\/\\\/tradis.rs\\\/ukr\\\/#\\\/schema\\\/logo\\\/image\\\/\"},\"description\":\"A TRADIS DOO korl\u00e1tolt felel\u0151ss\u00e9g\u0171 t\u00e1rsas\u00e1g a MAGNETNA POLjA 3, 24000, Szabadka, Szerbia c\u00edmen tal\u00e1lhat\u00f3, \u00e9s 2020. augusztus 25. \u00f3ta m\u0171k\u00f6dik. Telefonsz\u00e1muk: 0668441826, e-mail c\u00edm\u00fck: posta@tradis.rs. A t\u00e1rsas\u00e1g jelenlegi igazgat\u00f3i: S\u00e1nta J\u00e1nos Istv\u00e1n, Igor Stopari\u0107\",\"email\":\"igor.stoparic@continentaltobacco.com\",\"telephone\":\"+381 64 844 1844\",\"legalName\":\"TRADIS DOO SUBOTICA Serbia\",\"foundingDate\":\"2020-08-25\",\"vatID\":\"112108362\",\"numberOfEmployees\":{\"@type\":\"QuantitativeValue\",\"minValue\":\"11\",\"maxValue\":\"50\"}},{\"@type\":\"Person\",\"@id\":\"https:\\\/\\\/tradis.rs\\\/ukr\\\/#\\\/schema\\\/person\\\/662844645a9858633785854ee7ab493d\",\"name\":\"szalmak\",\"image\":{\"@type\":\"ImageObject\",\"inLanguage\":\"sr-RS\",\"@id\":\"https:\\\/\\\/secure.gravatar.com\\\/avatar\\\/07390ba6486fa00408f88b97287961ff536d4a17e2d9deb1226923f7ff99f826?s=96&d=mm&r=g\",\"url\":\"https:\\\/\\\/secure.gravatar.com\\\/avatar\\\/07390ba6486fa00408f88b97287961ff536d4a17e2d9deb1226923f7ff99f826?s=96&d=mm&r=g\",\"contentUrl\":\"https:\\\/\\\/secure.gravatar.com\\\/avatar\\\/07390ba6486fa00408f88b97287961ff536d4a17e2d9deb1226923f7ff99f826?s=96&d=mm&r=g\",\"caption\":\"szalmak\"},\"sameAs\":[\"https:\\\/\\\/tradis.rs\"],\"url\":\"https:\\\/\\\/tradis.rs\\\/sr\\\/author\\\/szalmak\\\/\"}]}<\/script>\n<!-- \/ Yoast SEO Premium plugin. -->","yoast_head_json":{"title":"\u0160imanovci, Szerbia \u2013 versenyk\u00e9pes, nemzetk\u00f6zi befektet\u00e9si k\u00f6rnyezet - TRADIS \u0160imanovci","description":"Investicioni ambijent u zemlji karakteri\u0161u faktori kao \u0161to su visokokvalitetna lokalna radna snaga, politi\u010dka i ekonomska stabilnost, konkurentni operativni tro\u0161kovi, povoljan sistem finansijskih podsticaja i idealna geografska lokacija.","robots":{"index":"index","follow":"follow","max-snippet":"max-snippet:-1","max-image-preview":"max-image-preview:large","max-video-preview":"max-video-preview:-1"},"canonical":"https:\/\/tradis.rs\/sr\/konkurentno-medunarodno-investiciono\/128\/","og_locale":"sr_RS","og_type":"article","og_title":"\u0160imanovci, Szerbia \u2013 versenyk\u00e9pes, nemzetk\u00f6zi befektet\u00e9si k\u00f6rnyezet","og_description":"Szerbia - a Financial Times szerint - a kontinens els\u0151 hely\u00e9n \u00e1ll a gazdas\u00e1g m\u00e9ret\u00e9hez viszony\u00edtott z\u00f6ldmez\u0151s beruh\u00e1z\u00e1sok sz\u00e1m\u00e1t tekintve","og_url":"https:\/\/tradis.rs\/sr\/konkurentno-medunarodno-investiciono\/128\/","og_site_name":"TRADIS \u0160imanovci","article_published_time":"2022-05-09T06:26:24+00:00","article_modified_time":"2022-07-05T07:00:32+00:00","og_image":[{"width":518,"height":518,"url":"https:\/\/tradis.rs\/wp-content\/uploads\/2022\/05\/investment-to-Serbia_0.jpg","type":"image\/jpeg"}],"author":"szalmak","twitter_card":"summary_large_image","twitter_misc":{"\u041d\u0430\u043f\u0438\u0441\u0430\u043d\u043e \u043e\u0434":"szalmak","\u041f\u0440\u043e\u0446\u0435\u045a\u0435\u043d\u043e \u0432\u0440\u0435\u043c\u0435 \u0447\u0438\u0442\u0430\u045a\u0430":"1 \u043c\u0438\u043d\u0443\u0442"},"schema":{"@context":"https:\/\/schema.org","@graph":[{"@type":"Article","@id":"https:\/\/tradis.rs\/ukr\/konkurentne-mizhnarodne-investytsiyne\/128\/#article","isPartOf":{"@id":"https:\/\/tradis.rs\/ukr\/konkurentne-mizhnarodne-investytsiyne\/128\/"},"author":{"name":"szalmak","@id":"https:\/\/tradis.rs\/ukr\/#\/schema\/person\/662844645a9858633785854ee7ab493d"},"headline":"\u0160imanovci, Szerbia \u2013 versenyk\u00e9pes, nemzetk\u00f6zi befektet\u00e9si k\u00f6rnyezet","datePublished":"2022-05-09T06:26:24+00:00","dateModified":"2022-07-05T07:00:32+00:00","mainEntityOfPage":{"@id":"https:\/\/tradis.rs\/ukr\/konkurentne-mizhnarodne-investytsiyne\/128\/"},"wordCount":225,"publisher":{"@id":"https:\/\/tradis.rs\/ukr\/#organization"},"image":{"@id":"https:\/\/tradis.rs\/ukr\/konkurentne-mizhnarodne-investytsiyne\/128\/#primaryimage"},"thumbnailUrl":"https:\/\/tradis.rs\/wp-content\/uploads\/2022\/05\/investment-to-Serbia_0.jpg","articleSection":["TRADIS \u0160imanovci b\u00e9rbead\u00f3 \u00faj rakt\u00e1r\u00e9p\u00fclet"],"inLanguage":"sr-RS"},{"@type":"WebPage","@id":"https:\/\/tradis.rs\/ukr\/konkurentne-mizhnarodne-investytsiyne\/128\/","url":"https:\/\/tradis.rs\/ukr\/konkurentne-mizhnarodne-investytsiyne\/128\/","name":"\u0160imanovci, Szerbia \u2013 versenyk\u00e9pes, nemzetk\u00f6zi befektet\u00e9si k\u00f6rnyezet - TRADIS \u0160imanovci","isPartOf":{"@id":"https:\/\/tradis.rs\/ukr\/#website"},"primaryImageOfPage":{"@id":"https:\/\/tradis.rs\/ukr\/konkurentne-mizhnarodne-investytsiyne\/128\/#primaryimage"},"image":{"@id":"https:\/\/tradis.rs\/ukr\/konkurentne-mizhnarodne-investytsiyne\/128\/#primaryimage"},"thumbnailUrl":"https:\/\/tradis.rs\/wp-content\/uploads\/2022\/05\/investment-to-Serbia_0.jpg","datePublished":"2022-05-09T06:26:24+00:00","dateModified":"2022-07-05T07:00:32+00:00","description":"Investicioni ambijent u zemlji karakteri\u0161u faktori kao \u0161to su visokokvalitetna lokalna radna snaga, politi\u010dka i ekonomska stabilnost, konkurentni operativni tro\u0161kovi, povoljan sistem finansijskih podsticaja i idealna geografska lokacija.","breadcrumb":{"@id":"https:\/\/tradis.rs\/ukr\/konkurentne-mizhnarodne-investytsiyne\/128\/#breadcrumb"},"inLanguage":"sr-RS","potentialAction":[{"@type":"ReadAction","target":["https:\/\/tradis.rs\/ukr\/konkurentne-mizhnarodne-investytsiyne\/128\/"]}]},{"@type":"ImageObject","inLanguage":"sr-RS","@id":"https:\/\/tradis.rs\/ukr\/konkurentne-mizhnarodne-investytsiyne\/128\/#primaryimage","url":"https:\/\/tradis.rs\/wp-content\/uploads\/2022\/05\/investment-to-Serbia_0.jpg","contentUrl":"https:\/\/tradis.rs\/wp-content\/uploads\/2022\/05\/investment-to-Serbia_0.jpg","width":518,"height":518},{"@type":"BreadcrumbList","@id":"https:\/\/tradis.rs\/ukr\/konkurentne-mizhnarodne-investytsiyne\/128\/#breadcrumb","itemListElement":[{"@type":"ListItem","position":1,"name":"Home","item":"https:\/\/tradis.rs\/ukr\/"},{"@type":"ListItem","position":2,"name":"\u0160imanovci, Szerbia \u2013 versenyk\u00e9pes, nemzetk\u00f6zi befektet\u00e9si k\u00f6rnyezet"}]},{"@type":"WebSite","@id":"https:\/\/tradis.rs\/ukr\/#website","url":"https:\/\/tradis.rs\/ukr\/","name":"TRADIS \u0160imanovci","description":"Skladi\u0161te  u centru Centralna Evropa","publisher":{"@id":"https:\/\/tradis.rs\/ukr\/#organization"},"potentialAction":[{"@type":"SearchAction","target":{"@type":"EntryPoint","urlTemplate":"https:\/\/tradis.rs\/ukr\/?s={search_term_string}"},"query-input":{"@type":"PropertyValueSpecification","valueRequired":true,"valueName":"search_term_string"}}],"inLanguage":"sr-RS"},{"@type":"Organization","@id":"https:\/\/tradis.rs\/ukr\/#organization","name":"TRADIS DOO SUBOTICA Serbia","alternateName":"TRADIS DOO","url":"https:\/\/tradis.rs\/ukr\/","logo":{"@type":"ImageObject","inLanguage":"sr-RS","@id":"https:\/\/tradis.rs\/ukr\/#\/schema\/logo\/image\/","url":"https:\/\/tradis.rs\/wp-content\/uploads\/2022\/05\/ctg-logo.png","contentUrl":"https:\/\/tradis.rs\/wp-content\/uploads\/2022\/05\/ctg-logo.png","width":600,"height":600,"caption":"TRADIS DOO SUBOTICA Serbia"},"image":{"@id":"https:\/\/tradis.rs\/ukr\/#\/schema\/logo\/image\/"},"description":"A TRADIS DOO korl\u00e1tolt felel\u0151ss\u00e9g\u0171 t\u00e1rsas\u00e1g a MAGNETNA POLjA 3, 24000, Szabadka, Szerbia c\u00edmen tal\u00e1lhat\u00f3, \u00e9s 2020. augusztus 25. \u00f3ta m\u0171k\u00f6dik. Telefonsz\u00e1muk: 0668441826, e-mail c\u00edm\u00fck: posta@tradis.rs. A t\u00e1rsas\u00e1g jelenlegi igazgat\u00f3i: S\u00e1nta J\u00e1nos Istv\u00e1n, Igor Stopari\u0107","email":"igor.stoparic@continentaltobacco.com","telephone":"+381 64 844 1844","legalName":"TRADIS DOO SUBOTICA Serbia","foundingDate":"2020-08-25","vatID":"112108362","numberOfEmployees":{"@type":"QuantitativeValue","minValue":"11","maxValue":"50"}},{"@type":"Person","@id":"https:\/\/tradis.rs\/ukr\/#\/schema\/person\/662844645a9858633785854ee7ab493d","name":"szalmak","image":{"@type":"ImageObject","inLanguage":"sr-RS","@id":"https:\/\/secure.gravatar.com\/avatar\/07390ba6486fa00408f88b97287961ff536d4a17e2d9deb1226923f7ff99f826?s=96&d=mm&r=g","url":"https:\/\/secure.gravatar.com\/avatar\/07390ba6486fa00408f88b97287961ff536d4a17e2d9deb1226923f7ff99f826?s=96&d=mm&r=g","contentUrl":"https:\/\/secure.gravatar.com\/avatar\/07390ba6486fa00408f88b97287961ff536d4a17e2d9deb1226923f7ff99f826?s=96&d=mm&r=g","caption":"szalmak"},"sameAs":["https:\/\/tradis.rs"],"url":"https:\/\/tradis.rs\/sr\/author\/szalmak\/"}]}},"_links":{"self":[{"href":"https:\/\/tradis.rs\/sr\/wp-json\/wp\/v2\/posts\/128","targetHints":{"allow":["GET"]}}],"collection":[{"href":"https:\/\/tradis.rs\/sr\/wp-json\/wp\/v2\/posts"}],"about":[{"href":"https:\/\/tradis.rs\/sr\/wp-json\/wp\/v2\/types\/post"}],"author":[{"embeddable":true,"href":"https:\/\/tradis.rs\/sr\/wp-json\/wp\/v2\/users\/1"}],"replies":[{"embeddable":true,"href":"https:\/\/tradis.rs\/sr\/wp-json\/wp\/v2\/comments?post=128"}],"version-history":[{"count":9,"href":"https:\/\/tradis.rs\/sr\/wp-json\/wp\/v2\/posts\/128\/revisions"}],"predecessor-version":[{"id":463,"href":"https:\/\/tradis.rs\/sr\/wp-json\/wp\/v2\/posts\/128\/revisions\/463"}],"wp:featuredmedia":[{"embeddable":true,"href":"https:\/\/tradis.rs\/sr\/wp-json\/wp\/v2\/media\/133"}],"wp:attachment":[{"href":"https:\/\/tradis.rs\/sr\/wp-json\/wp\/v2\/media?parent=128"}],"wp:term":[{"taxonomy":"category","embeddable":true,"href":"https:\/\/tradis.rs\/sr\/wp-json\/wp\/v2\/categories?post=128"},{"taxonomy":"post_tag","embeddable":true,"href":"https:\/\/tradis.rs\/sr\/wp-json\/wp\/v2\/tags?post=128"}],"curies":[{"name":"wp","href":"https:\/\/api.w.org\/{rel}","templated":true}]}}